{"id":10741,"date":"2024-05-23T18:42:20","date_gmt":"2024-05-23T21:42:20","guid":{"rendered":"https:\/\/ensvillaguay-ers.infd.edu.ar\/sitio\/?p=10741"},"modified":"2025-06-06T18:38:53","modified_gmt":"2025-06-06T21:38:53","slug":"renovacion-del-consejo-directivo","status":"publish","type":"post","link":"https:\/\/ensvillaguay-ers.infd.edu.ar\/sitio\/renovacion-del-consejo-directivo\/","title":{"rendered":"Renovaci\u00f3n del Consejo Directivo"},"content":{"rendered":"<p style=\"text-align: center;\"><strong>Proclamaci\u00f3n de candidatos de la LISTA 1: \u201cUNIDOS POR LA EDUCACI\u00d3N SUPERIOR\u201d<\/strong><\/p>\n\n\n<p>En la ciudad de Villaguay, a los veinte d\u00edas del mes de mayo de dos mil veinticuatro, siendo aproximadamente las veintiuna horas con treinta minutos, se re\u00fane la JUNTA ELECTORAL, integrada por sus miembros titulares: docentes ESCUDERO Ren\u00e9 DNI 30554972 y SARLI Marcos DNI 32600285, Estudiante ZORBA Milagros DNI 42601624 y Graduada D\u00cdAZ Lorena DNI 26371777; a fin de declarar, en el marco de la Resoluci\u00f3n n.\u00b0 0895\/24 CGE, la validez de la <strong>LISTA 1: \u201cUNIDOS POR LA EDUCACI\u00d3N SUPERIOR\u201d, <\/strong>presentada en tiempo y forma, de acuerdo a lo establecido oportunamente desde este \u00e1mbito.<\/p>\n\n\n\n<p>&nbsp;&nbsp;&nbsp;&nbsp;&nbsp;&nbsp;&nbsp;&nbsp;&nbsp;&nbsp;&nbsp; En el marco del R\u00e9gimen Electoral para la conformaci\u00f3n y\/o renovaci\u00f3n del Consejo Directivo Institucional, se procede de acuerdo a lo establecido en el Anexo II, Art\u00edculo 27, inciso 8 de la Resoluci\u00f3n n.\u00b0 0895\/24 CGE: <em>Si se presentara una sola lista, siendo declarada v\u00e1lida, deber\u00e1 proclamarse a sus candidatos como electos, sin necesidad de realizar la elecci\u00f3n<\/em>.<\/p>\n\n\n\n<p>&nbsp;&nbsp;&nbsp;&nbsp;&nbsp;&nbsp;&nbsp;&nbsp;&nbsp;&nbsp;&nbsp; En tal sentido, se proclama electas\/os a las\/os candidatas\/os de la <strong>LISTA 1: \u201cUNIDOS POR LA EDUCACI\u00d3N SUPERIOR\u201d<\/strong>, cuyos integrantes de detallan a continuaci\u00f3n:<\/p>\n\n\n\n<p><strong>Estamento Docente<\/strong><\/p>\n\n\n\n<p>Profesorado de Educaci\u00f3n Inicial<\/p>\n\n\n\n<p>Titular: &nbsp;&nbsp;&nbsp;&nbsp;&nbsp;&nbsp;&nbsp;&nbsp;&nbsp;&nbsp;&nbsp;&nbsp;&nbsp;&nbsp;&nbsp;&nbsp;&nbsp;&nbsp;&nbsp;&nbsp;&nbsp;&nbsp;&nbsp;&nbsp;&nbsp;&nbsp;&nbsp;&nbsp;&nbsp;&nbsp;&nbsp;&nbsp; Prof. <strong>VENTAVOLI<\/strong>, Marina Ver\u00f3nica DNI 27256949<\/p>\n\n\n\n<p>Suplente: &nbsp;&nbsp;&nbsp;&nbsp;&nbsp;&nbsp;&nbsp;&nbsp;&nbsp;&nbsp;&nbsp;&nbsp;&nbsp;&nbsp;&nbsp;&nbsp;&nbsp;&nbsp;&nbsp;&nbsp;&nbsp;&nbsp;&nbsp;&nbsp;&nbsp;&nbsp;&nbsp;&nbsp;&nbsp; Prof. ECHEVERR\u00cdA, Silvana Andrea DNI 27293407<\/p>\n\n\n\n<p>Profesorado de Educaci\u00f3n Primaria<\/p>\n\n\n\n<p>Titular: &nbsp;&nbsp;&nbsp;&nbsp;&nbsp;&nbsp;&nbsp;&nbsp;&nbsp;&nbsp;&nbsp;&nbsp;&nbsp;&nbsp;&nbsp;&nbsp;&nbsp;&nbsp;&nbsp;&nbsp;&nbsp;&nbsp;&nbsp;&nbsp;&nbsp;&nbsp;&nbsp;&nbsp;&nbsp;&nbsp;&nbsp;&nbsp; Prof. <strong>ACOSTA<\/strong>, \u00c9velyn DNI 36406387<\/p>\n\n\n\n<p>Suplente: &nbsp;&nbsp;&nbsp;&nbsp;&nbsp;&nbsp;&nbsp;&nbsp;&nbsp;&nbsp;&nbsp;&nbsp;&nbsp;&nbsp;&nbsp;&nbsp;&nbsp;&nbsp;&nbsp;&nbsp;&nbsp;&nbsp;&nbsp;&nbsp;&nbsp;&nbsp;&nbsp;&nbsp;&nbsp; Prof. PIZZINI, Diana Mariela DNI 22850496<\/p>\n\n\n\n<p>Profesorado de Educaci\u00f3n Secundaria en Matem\u00e1tica<\/p>\n\n\n\n<p>Titular: &nbsp;&nbsp;&nbsp;&nbsp;&nbsp;&nbsp;&nbsp;&nbsp;&nbsp;&nbsp;&nbsp;&nbsp;&nbsp;&nbsp;&nbsp;&nbsp;&nbsp;&nbsp;&nbsp;&nbsp;&nbsp;&nbsp;&nbsp;&nbsp;&nbsp;&nbsp;&nbsp;&nbsp;&nbsp;&nbsp;&nbsp;&nbsp; Prof. <strong>VERBAUWEDE<\/strong>, L\u00e1zaro Jes\u00fas DNI 32114790<\/p>\n\n\n\n<p>Suplente: &nbsp;&nbsp;&nbsp;&nbsp;&nbsp;&nbsp;&nbsp;&nbsp;&nbsp;&nbsp;&nbsp;&nbsp;&nbsp;&nbsp;&nbsp;&nbsp;&nbsp;&nbsp;&nbsp;&nbsp;&nbsp;&nbsp;&nbsp;&nbsp;&nbsp;&nbsp;&nbsp;&nbsp;&nbsp; Prof. PACCOR, Silvana Carina DNI 27839246<\/p>\n\n\n\n<p>Profesorado de Educaci\u00f3n Secundaria en Lengua y Literatura<\/p>\n\n\n\n<p>Titular: &nbsp;&nbsp;&nbsp;&nbsp;&nbsp;&nbsp;&nbsp;&nbsp;&nbsp;&nbsp;&nbsp;&nbsp;&nbsp;&nbsp;&nbsp;&nbsp;&nbsp;&nbsp;&nbsp;&nbsp;&nbsp;&nbsp;&nbsp;&nbsp;&nbsp;&nbsp;&nbsp;&nbsp;&nbsp;&nbsp;&nbsp;&nbsp; Prof. <strong>CUBERLI<\/strong>, Gisela Carina DNI 31394668<\/p>\n\n\n\n<p>Suplente: &nbsp;&nbsp;&nbsp;&nbsp;&nbsp;&nbsp;&nbsp;&nbsp;&nbsp;&nbsp;&nbsp;&nbsp;&nbsp;&nbsp;&nbsp;&nbsp;&nbsp;&nbsp;&nbsp;&nbsp;&nbsp;&nbsp;&nbsp;&nbsp;&nbsp;&nbsp;&nbsp;&nbsp;&nbsp; Prof. Z\u00c1RATE, Mar\u00eda Ivana DNI 24488572<\/p>\n\n\n\n<p>Profesorado de Educaci\u00f3n Secundaria en Biolog\u00eda<\/p>\n\n\n\n<p>Titular: &nbsp;&nbsp;&nbsp;&nbsp;&nbsp;&nbsp;&nbsp;&nbsp;&nbsp;&nbsp;&nbsp;&nbsp;&nbsp;&nbsp;&nbsp;&nbsp;&nbsp;&nbsp;&nbsp;&nbsp;&nbsp;&nbsp;&nbsp;&nbsp;&nbsp;&nbsp;&nbsp;&nbsp;&nbsp;&nbsp;&nbsp;&nbsp; Prof. <strong>LARROSA<\/strong>, Natalia Soledad DNI 29107661<\/p>\n\n\n\n<p>Suplente: &nbsp;&nbsp;&nbsp;&nbsp;&nbsp;&nbsp;&nbsp;&nbsp;&nbsp;&nbsp;&nbsp;&nbsp;&nbsp;&nbsp;&nbsp;&nbsp;&nbsp;&nbsp;&nbsp;&nbsp;&nbsp;&nbsp;&nbsp;&nbsp;&nbsp;&nbsp;&nbsp;&nbsp;&nbsp; Prof. GAUNA, Camila Anah\u00ed DNI 38772894<\/p>\n\n\n\n<p>Profesorado de Ingl\u00e9s<\/p>\n\n\n\n<p>Titular: &nbsp;&nbsp;&nbsp;&nbsp;&nbsp;&nbsp;&nbsp;&nbsp;&nbsp;&nbsp;&nbsp;&nbsp;&nbsp;&nbsp;&nbsp;&nbsp;&nbsp;&nbsp;&nbsp;&nbsp;&nbsp;&nbsp;&nbsp;&nbsp;&nbsp;&nbsp;&nbsp;&nbsp;&nbsp;&nbsp;&nbsp;&nbsp; Prof. <strong>VUOTO<\/strong>, Emilio Amadeo DNI 27837260<\/p>\n\n\n\n<p>Suplente: &nbsp;&nbsp;&nbsp;&nbsp;&nbsp;&nbsp;&nbsp;&nbsp;&nbsp;&nbsp;&nbsp;&nbsp;&nbsp;&nbsp;&nbsp;&nbsp;&nbsp;&nbsp;&nbsp;&nbsp;&nbsp;&nbsp;&nbsp;&nbsp;&nbsp;&nbsp;&nbsp;&nbsp;&nbsp; Prof. BARCOS, Ver\u00f3nica DNI 31722326<\/p>\n\n\n\n<p>Profesorado de Educaci\u00f3n Secundaria en Geograf\u00eda<\/p>\n\n\n\n<p>Titular: &nbsp;&nbsp;&nbsp;&nbsp;&nbsp;&nbsp;&nbsp;&nbsp;&nbsp;&nbsp;&nbsp;&nbsp;&nbsp;&nbsp;&nbsp;&nbsp;&nbsp;&nbsp;&nbsp;&nbsp;&nbsp;&nbsp;&nbsp;&nbsp;&nbsp;&nbsp;&nbsp;&nbsp;&nbsp;&nbsp;&nbsp;&nbsp; Prof. <strong>PERROUCHOUD<\/strong>, Andrea Leticia DNI 25243158<\/p>\n\n\n\n<p>Suplente: &nbsp;&nbsp;&nbsp;&nbsp;&nbsp;&nbsp;&nbsp;&nbsp;&nbsp;&nbsp;&nbsp;&nbsp;&nbsp;&nbsp;&nbsp;&nbsp;&nbsp;&nbsp;&nbsp;&nbsp;&nbsp;&nbsp;&nbsp;&nbsp;&nbsp;&nbsp;&nbsp;&nbsp;&nbsp; Prof. ZURDO, Patricia Ver\u00f3nica DNI 24285437<\/p>\n\n\n\n<p><strong>Estamento Estudiante<\/strong><\/p>\n\n\n\n<p>Profesorado de Educaci\u00f3n Secundaria en Geograf\u00eda<\/p>\n\n\n\n<p>Titular: &nbsp;&nbsp;&nbsp;&nbsp;&nbsp;&nbsp;&nbsp;&nbsp;&nbsp;&nbsp;&nbsp;&nbsp;&nbsp;&nbsp;&nbsp;&nbsp;&nbsp;&nbsp;&nbsp;&nbsp;&nbsp;&nbsp;&nbsp;&nbsp;&nbsp;&nbsp;&nbsp;&nbsp;&nbsp;&nbsp;&nbsp;&nbsp; Est. <strong>KUXHAUS<\/strong>, Juan Carlos DNI 32893556<\/p>\n\n\n\n<p>Suplente: &nbsp;&nbsp;&nbsp;&nbsp;&nbsp;&nbsp;&nbsp;&nbsp;&nbsp;&nbsp;&nbsp;&nbsp;&nbsp;&nbsp;&nbsp;&nbsp;&nbsp;&nbsp;&nbsp;&nbsp;&nbsp;&nbsp;&nbsp;&nbsp;&nbsp;&nbsp;&nbsp;&nbsp;&nbsp; Est. FRANCO, Jes\u00fas Gabriel DNI 42354614<\/p>\n\n\n\n<p>Profesorado de Educaci\u00f3n Secundaria en Matem\u00e1tica<\/p>\n\n\n\n<p>Titular: &nbsp;&nbsp;&nbsp;&nbsp;&nbsp;&nbsp;&nbsp;&nbsp;&nbsp;&nbsp;&nbsp;&nbsp;&nbsp;&nbsp;&nbsp;&nbsp;&nbsp;&nbsp;&nbsp;&nbsp;&nbsp;&nbsp;&nbsp;&nbsp;&nbsp;&nbsp;&nbsp;&nbsp;&nbsp;&nbsp;&nbsp;&nbsp; Est. <strong>DEGREGORI<\/strong>, Jazm\u00edn DNI 42972541<\/p>\n\n\n\n<p>Profesorado de Educaci\u00f3n Inicial<\/p>\n\n\n\n<p>Suplente: &nbsp;&nbsp;&nbsp;&nbsp;&nbsp;&nbsp;&nbsp;&nbsp;&nbsp;&nbsp;&nbsp;&nbsp;&nbsp;&nbsp;&nbsp;&nbsp;&nbsp;&nbsp;&nbsp;&nbsp;&nbsp;&nbsp;&nbsp;&nbsp;&nbsp;&nbsp;&nbsp;&nbsp;&nbsp; Est. RAUSCH, Melina Pamela DNI 40162139<\/p>\n\n\n\n<p>Profesorado de Ingl\u00e9s<\/p>\n\n\n\n<p>Titular: &nbsp;&nbsp;&nbsp;&nbsp;&nbsp;&nbsp;&nbsp;&nbsp;&nbsp;&nbsp;&nbsp;&nbsp;&nbsp;&nbsp;&nbsp;&nbsp;&nbsp;&nbsp;&nbsp;&nbsp;&nbsp;&nbsp;&nbsp;&nbsp;&nbsp;&nbsp;&nbsp;&nbsp;&nbsp;&nbsp;&nbsp;&nbsp; Est. <strong>BARRIONUEVO<\/strong>, Santiago Gast\u00f3n DNI 37728552<\/p>\n\n\n\n<p>Suplente: &nbsp;&nbsp;&nbsp;&nbsp;&nbsp;&nbsp;&nbsp;&nbsp;&nbsp;&nbsp;&nbsp;&nbsp;&nbsp;&nbsp;&nbsp;&nbsp;&nbsp;&nbsp;&nbsp;&nbsp;&nbsp;&nbsp;&nbsp;&nbsp;&nbsp;&nbsp;&nbsp;&nbsp;&nbsp; Est. MAKARUK, Sof\u00eda Bel\u00e9n DNI 41881291<\/p>\n\n\n\n<p><strong>Estamento Graduado<\/strong><\/p>\n\n\n\n<p>Titular: &nbsp;&nbsp;&nbsp;&nbsp;&nbsp;&nbsp;&nbsp;&nbsp;&nbsp;&nbsp;&nbsp;&nbsp;&nbsp;&nbsp;&nbsp;&nbsp;&nbsp;&nbsp;&nbsp;&nbsp;&nbsp;&nbsp;&nbsp;&nbsp;&nbsp;&nbsp;&nbsp;&nbsp;&nbsp;&nbsp;&nbsp;&nbsp; Prof. <strong>MERCIER<\/strong>, Dana Micaela DNI 40872690<\/p>\n\n\n\n<p>Suplente: &nbsp;&nbsp;&nbsp;&nbsp;&nbsp;&nbsp;&nbsp;&nbsp;&nbsp;&nbsp;&nbsp;&nbsp;&nbsp;&nbsp;&nbsp;&nbsp;&nbsp;&nbsp;&nbsp;&nbsp;&nbsp;&nbsp;&nbsp;&nbsp;&nbsp;&nbsp;&nbsp;&nbsp;&nbsp; Prof. RETAMAR, Gast\u00f3n Lautaro DNI 39838613<\/p>\n\n\n\n<p>\u00a0\u00a0\u00a0\u00a0\u00a0\u00a0\u00a0\u00a0\u00a0\u00a0\u00a0 Dejar establecido, adem\u00e1s, que las\/los Consejeras\/os proclamados electas\/os asumir\u00e1n la funci\u00f3n a partir del 1 de junio del corriente a\u00f1o, en virtud de la Disposici\u00f3n n.\u00b0 09\/24 de la Direcci\u00f3n de Educaci\u00f3n Superior, Consejo General de Educaci\u00f3n.<\/p>\n\n\n\n<p><a href=\"https:\/\/drive.google.com\/file\/d\/1xRvz6jI5_5xgKX4Rt8uvR5AsCNasSMBc\/view?usp=sharing\" data-type=\"URL\" data-id=\"https:\/\/drive.google.com\/file\/d\/1xRvz6jI5_5xgKX4Rt8uvR5AsCNasSMBc\/view?usp=sharing\" target=\"_blank\" rel=\"noreferrer noopener\">Descargar Acta de Junta Electoral<\/a><\/p>\n","protected":false},"excerpt":{"rendered":"<p>Proclamaci\u00f3n de candidatos de la LISTA 1: \u201cUNIDOS POR LA EDUCACI\u00d3N SUPERIOR\u201d En la ciudad de Villaguay, a los veinte d\u00edas del mes de mayo de dos mil veinticuatro, siendo aproximadamente las veintiuna horas con treinta minutos, se re\u00fane la JUNTA ELECTORAL, integrada por sus miembros titulares: docentes ESCUDERO Ren\u00e9 DNI 30554972 y SARLI Marcos &#8230; <a title=\"Renovaci\u00f3n del Consejo Directivo\" class=\"read-more\" href=\"https:\/\/ensvillaguay-ers.infd.edu.ar\/sitio\/renovacion-del-consejo-directivo\/\" aria-label=\"More on Renovaci\u00f3n del Consejo Directivo\">[+]<\/a><\/p>\n","protected":false},"author":1427,"featured_media":10742,"comment_status":"open","ping_status":"open","sticky":false,"template":"","format":"standard","meta":[],"categories":[6],"tags":[],"acf":[],"_links":{"self":[{"href":"https:\/\/ensvillaguay-ers.infd.edu.ar\/sitio\/wp-json\/wp\/v2\/posts\/10741"}],"collection":[{"href":"https:\/\/ensvillaguay-ers.infd.edu.ar\/sitio\/wp-json\/wp\/v2\/posts"}],"about":[{"href":"https:\/\/ensvillaguay-ers.infd.edu.ar\/sitio\/wp-json\/wp\/v2\/types\/post"}],"author":[{"embeddable":true,"href":"https:\/\/ensvillaguay-ers.infd.edu.ar\/sitio\/wp-json\/wp\/v2\/users\/1427"}],"replies":[{"embeddable":true,"href":"https:\/\/ensvillaguay-ers.infd.edu.ar\/sitio\/wp-json\/wp\/v2\/comments?post=10741"}],"version-history":[{"count":1,"href":"https:\/\/ensvillaguay-ers.infd.edu.ar\/sitio\/wp-json\/wp\/v2\/posts\/10741\/revisions"}],"predecessor-version":[{"id":10743,"href":"https:\/\/ensvillaguay-ers.infd.edu.ar\/sitio\/wp-json\/wp\/v2\/posts\/10741\/revisions\/10743"}],"wp:featuredmedia":[{"embeddable":true,"href":"https:\/\/ensvillaguay-ers.infd.edu.ar\/sitio\/wp-json\/wp\/v2\/media\/10742"}],"wp:attachment":[{"href":"https:\/\/ensvillaguay-ers.infd.edu.ar\/sitio\/wp-json\/wp\/v2\/media?parent=10741"}],"wp:term":[{"taxonomy":"category","embeddable":true,"href":"https:\/\/ensvillaguay-ers.infd.edu.ar\/sitio\/wp-json\/wp\/v2\/categories?post=10741"},{"taxonomy":"post_tag","embeddable":true,"href":"https:\/\/ensvillaguay-ers.infd.edu.ar\/sitio\/wp-json\/wp\/v2\/tags?post=10741"}],"curies":[{"name":"wp","href":"https:\/\/api.w.org\/{rel}","templated":true}]}}