{"id":10744,"date":"2024-05-24T11:22:04","date_gmt":"2024-05-24T14:22:04","guid":{"rendered":"https:\/\/ensvillaguay-ers.infd.edu.ar\/sitio\/?p=10744"},"modified":"2025-06-06T18:38:42","modified_gmt":"2025-06-06T21:38:42","slug":"inicio-de-clases-por-divisiones-en-2-y-3-ano-de-pes-geografia","status":"publish","type":"post","link":"https:\/\/ensvillaguay-ers.infd.edu.ar\/sitio\/inicio-de-clases-por-divisiones-en-2-y-3-ano-de-pes-geografia\/","title":{"rendered":"Inicio de clases por divisiones en 2\u00b0 y 3\u00b0 a\u00f1o de PES Geograf\u00eda"},"content":{"rendered":"\n<p>El Nivel Superior de la Escuela Normal Superior Martiniano Leguizam\u00f3n, comunica que partir del d\u00eda&nbsp;<strong>lunes 27 de mayo<\/strong>, segundo y tercer a\u00f1o del Profesorado de Educaci\u00f3n Secundaria en Geograf\u00eda, comienzan las clases en sus respectivas comisiones.<\/p>\n\n\n\n<p>A tal fin, les enviamos para su conocimiento y organizaci\u00f3n:<\/p>\n\n\n\n<p><img decoding=\"async\" loading=\"lazy\" width=\"225\" height=\"225\" class=\"wp-image-10651\" style=\"width: 30px;\" src=\"https:\/\/ensvillaguay-ers.infd.edu.ar\/sitio\/wp-content\/uploads\/2024\/04\/images.jpg\" alt=\"\">Mapa de localizaci\u00f3n de las aulas destinadas a las distintas divisiones:\u00a0\u00a0<a href=\"https:\/\/ensvillaguay-ers.infd.edu.ar\/sitio\/plano-de-aulas\/\">https:\/\/ensvillaguay-ers.infd.edu.ar\/sitio\/plano-de-aulas\/<\/a><\/p>\n\n\n\n<p><img decoding=\"async\" loading=\"lazy\" width=\"225\" height=\"225\" class=\"wp-image-10651\" style=\"width: 30px;\" src=\"https:\/\/ensvillaguay-ers.infd.edu.ar\/sitio\/wp-content\/uploads\/2024\/04\/images.jpg\" alt=\"\">Horarios para que puedan volver a chequearlos:\u00a0\u00a0<a href=\"https:\/\/ensvillaguay-ers.infd.edu.ar\/sitio\/horarios-de-clases-por-profesorado\/\">https:\/\/ensvillaguay-ers.infd.edu.ar\/sitio\/horarios-de-clases-por-profesorado\/<\/a><\/p>\n\n\n\n<p><img decoding=\"async\" loading=\"lazy\" width=\"225\" height=\"225\" class=\"wp-image-10651\" style=\"width: 30px;\" src=\"https:\/\/ensvillaguay-ers.infd.edu.ar\/sitio\/wp-content\/uploads\/2024\/04\/images.jpg\" alt=\"\">Organigrama de aulas para prehora:\u00a0<a href=\"https:\/\/www.canva.com\/design\/DAFb0QQrZp4\/fbNCNLcxoRPUGlHkilt6Aw\/view?utm_content=DAFb0QQrZp4&amp;utm_campaign=designshare&amp;utm_medium=link&amp;utm_source=viewer\">https:\/\/www.canva.com\/design\/DAFb0QQrZp4\/fbNCNLcxoRPUGlHkilt6Aw\/view?utm_content=DAFb0QQrZp4&amp;utm_campaign=designshare&amp;utm_medium=link&amp;utm_source=viewer<\/a><\/p>\n","protected":false},"excerpt":{"rendered":"<p>El Nivel Superior de la Escuela Normal Superior Martiniano Leguizam\u00f3n, comunica que partir del d\u00eda&nbsp;lunes 27 de mayo, segundo y tercer a\u00f1o del Profesorado de Educaci\u00f3n Secundaria en Geograf\u00eda, comienzan las clases en sus respectivas comisiones. A tal fin, les enviamos para su conocimiento y organizaci\u00f3n: Mapa de localizaci\u00f3n de las aulas destinadas a las &#8230; <a title=\"Inicio de clases por divisiones en 2\u00b0 y 3\u00b0 a\u00f1o de PES Geograf\u00eda\" class=\"read-more\" href=\"https:\/\/ensvillaguay-ers.infd.edu.ar\/sitio\/inicio-de-clases-por-divisiones-en-2-y-3-ano-de-pes-geografia\/\" aria-label=\"More on Inicio de clases por divisiones en 2\u00b0 y 3\u00b0 a\u00f1o de PES Geograf\u00eda\">[+]<\/a><\/p>\n","protected":false},"author":1427,"featured_media":10745,"comment_status":"open","ping_status":"open","sticky":false,"template":"","format":"standard","meta":[],"categories":[6],"tags":[],"acf":[],"_links":{"self":[{"href":"https:\/\/ensvillaguay-ers.infd.edu.ar\/sitio\/wp-json\/wp\/v2\/posts\/10744"}],"collection":[{"href":"https:\/\/ensvillaguay-ers.infd.edu.ar\/sitio\/wp-json\/wp\/v2\/posts"}],"about":[{"href":"https:\/\/ensvillaguay-ers.infd.edu.ar\/sitio\/wp-json\/wp\/v2\/types\/post"}],"author":[{"embeddable":true,"href":"https:\/\/ensvillaguay-ers.infd.edu.ar\/sitio\/wp-json\/wp\/v2\/users\/1427"}],"replies":[{"embeddable":true,"href":"https:\/\/ensvillaguay-ers.infd.edu.ar\/sitio\/wp-json\/wp\/v2\/comments?post=10744"}],"version-history":[{"count":1,"href":"https:\/\/ensvillaguay-ers.infd.edu.ar\/sitio\/wp-json\/wp\/v2\/posts\/10744\/revisions"}],"predecessor-version":[{"id":10746,"href":"https:\/\/ensvillaguay-ers.infd.edu.ar\/sitio\/wp-json\/wp\/v2\/posts\/10744\/revisions\/10746"}],"wp:featuredmedia":[{"embeddable":true,"href":"https:\/\/ensvillaguay-ers.infd.edu.ar\/sitio\/wp-json\/wp\/v2\/media\/10745"}],"wp:attachment":[{"href":"https:\/\/ensvillaguay-ers.infd.edu.ar\/sitio\/wp-json\/wp\/v2\/media?parent=10744"}],"wp:term":[{"taxonomy":"category","embeddable":true,"href":"https:\/\/ensvillaguay-ers.infd.edu.ar\/sitio\/wp-json\/wp\/v2\/categories?post=10744"},{"taxonomy":"post_tag","embeddable":true,"href":"https:\/\/ensvillaguay-ers.infd.edu.ar\/sitio\/wp-json\/wp\/v2\/tags?post=10744"}],"curies":[{"name":"wp","href":"https:\/\/api.w.org\/{rel}","templated":true}]}}