{"id":10773,"date":"2024-06-05T18:04:01","date_gmt":"2024-06-05T21:04:01","guid":{"rendered":"https:\/\/ensvillaguay-ers.infd.edu.ar\/sitio\/?p=10773"},"modified":"2025-06-06T18:37:58","modified_gmt":"2025-06-06T21:37:58","slug":"charla-taller-poesia-social-y-su-influencia-cotidiana","status":"publish","type":"post","link":"https:\/\/ensvillaguay-ers.infd.edu.ar\/sitio\/charla-taller-poesia-social-y-su-influencia-cotidiana\/","title":{"rendered":"Charla Taller Poes\u00eda Social y su influencia cotidiana"},"content":{"rendered":"\n<p>El Nivel Superior de la Escuela Normal Superior Martiniano Leguizam\u00f3n,&nbsp; invita a la Charla Taller Poes\u00eda Social y su influencia cotidiana, a cargo del poeta, escritor y gestor cultural Lucio Albirosa.<\/p>\n\n\n\n<p>La charla tendr\u00e1 lugar el d\u00eda martes 11 de junio a partir de las 20 horas en el sal\u00f3n de la instituci\u00f3n. Est\u00e1 destinado a docentes y estudiantes del Profesorado de Educaci\u00f3n Primaria y de Educaci\u00f3n Secundaria en Lengua y Literatura, as\u00ed como a todo p\u00fablico en general interesado en la tem\u00e1tica.<\/p>\n\n\n\n<p><strong>Lucio Albirosa<\/strong> es poeta, escritor, gestor cultural entrerriano, radicado en la provincia de Mendoza. Su trayectoria po\u00e9tica fue reconocida por el Municipio de Maip\u00fa. En el a\u00f1o 2013 fue elegido como uno de los \u00ab10 J\u00f3venes Escritores Argentinos\u00bb por la Editorial \u00abMis Escritos\u201d.<\/p>\n\n\n\n<p>Fue representante provincial en el XIV Encuentro Nacional de Poes\u00eda con la Gente y en el XIV Encuentro Latinoamericano de Escritores \u00abMadre de ciudades\u00bb de Santiago del Estero.\u200b<\/p>\n\n\n\n<p>Es autor de letras folcl\u00f3ricas. Su compromiso social mediante la poes\u00eda le vali\u00f3 tambi\u00e9n un \u201cReconocimiento al Compromiso\u201d por parte de la Biblioteca P\u00fablica Nacional Mariano Moreno.<\/p>\n","protected":false},"excerpt":{"rendered":"<p>El Nivel Superior de la Escuela Normal Superior Martiniano Leguizam\u00f3n,&nbsp; invita a la Charla Taller Poes\u00eda Social y su influencia cotidiana, a cargo del poeta, escritor y gestor cultural Lucio Albirosa. La charla tendr\u00e1 lugar el d\u00eda martes 11 de junio a partir de las 20 horas en el sal\u00f3n de la instituci\u00f3n. Est\u00e1 destinado &#8230; <a title=\"Charla Taller Poes\u00eda Social y su influencia cotidiana\" class=\"read-more\" href=\"https:\/\/ensvillaguay-ers.infd.edu.ar\/sitio\/charla-taller-poesia-social-y-su-influencia-cotidiana\/\" aria-label=\"More on Charla Taller Poes\u00eda Social y su influencia cotidiana\">[+]<\/a><\/p>\n","protected":false},"author":1427,"featured_media":10774,"comment_status":"open","ping_status":"open","sticky":false,"template":"","format":"standard","meta":[],"categories":[6],"tags":[],"acf":[],"_links":{"self":[{"href":"https:\/\/ensvillaguay-ers.infd.edu.ar\/sitio\/wp-json\/wp\/v2\/posts\/10773"}],"collection":[{"href":"https:\/\/ensvillaguay-ers.infd.edu.ar\/sitio\/wp-json\/wp\/v2\/posts"}],"about":[{"href":"https:\/\/ensvillaguay-ers.infd.edu.ar\/sitio\/wp-json\/wp\/v2\/types\/post"}],"author":[{"embeddable":true,"href":"https:\/\/ensvillaguay-ers.infd.edu.ar\/sitio\/wp-json\/wp\/v2\/users\/1427"}],"replies":[{"embeddable":true,"href":"https:\/\/ensvillaguay-ers.infd.edu.ar\/sitio\/wp-json\/wp\/v2\/comments?post=10773"}],"version-history":[{"count":1,"href":"https:\/\/ensvillaguay-ers.infd.edu.ar\/sitio\/wp-json\/wp\/v2\/posts\/10773\/revisions"}],"predecessor-version":[{"id":10775,"href":"https:\/\/ensvillaguay-ers.infd.edu.ar\/sitio\/wp-json\/wp\/v2\/posts\/10773\/revisions\/10775"}],"wp:featuredmedia":[{"embeddable":true,"href":"https:\/\/ensvillaguay-ers.infd.edu.ar\/sitio\/wp-json\/wp\/v2\/media\/10774"}],"wp:attachment":[{"href":"https:\/\/ensvillaguay-ers.infd.edu.ar\/sitio\/wp-json\/wp\/v2\/media?parent=10773"}],"wp:term":[{"taxonomy":"category","embeddable":true,"href":"https:\/\/ensvillaguay-ers.infd.edu.ar\/sitio\/wp-json\/wp\/v2\/categories?post=10773"},{"taxonomy":"post_tag","embeddable":true,"href":"https:\/\/ensvillaguay-ers.infd.edu.ar\/sitio\/wp-json\/wp\/v2\/tags?post=10773"}],"curies":[{"name":"wp","href":"https:\/\/api.w.org\/{rel}","templated":true}]}}