{"id":10926,"date":"2024-08-26T18:17:23","date_gmt":"2024-08-26T21:17:23","guid":{"rendered":"https:\/\/ensvillaguay-ers.infd.edu.ar\/sitio\/?p=10926"},"modified":"2025-06-06T18:29:02","modified_gmt":"2025-06-06T21:29:02","slug":"la-mirada-de-olga-y-leticia-cossettini-una-pedagogia-necesaria-que-inspira-viaje-educativo-a-la-ciudad-de-rosario","status":"publish","type":"post","link":"https:\/\/ensvillaguay-ers.infd.edu.ar\/sitio\/la-mirada-de-olga-y-leticia-cossettini-una-pedagogia-necesaria-que-inspira-viaje-educativo-a-la-ciudad-de-rosario\/","title":{"rendered":"\u201cLa mirada de Olga y Leticia Cossettini, una Pedagog\u00eda necesaria que inspira\u201d. Viaje educativo a la ciudad de Rosario"},"content":{"rendered":"\n<p>El Equipo Interc\u00e1tedras de Pedagog\u00eda del Nivel Superior, invita a participar de la Salida Educativa a la ciudad de Rosario&nbsp; propuesta para el d\u00eda jueves 10 de octubre, en el marco del Proyecto <em>\u201cLa mirada de Olga y Leticia Cossettini, una Pedagog\u00eda necesaria que inspira\u201d.<\/em><\/p>\n\n\n\n<p>El recorrido a realizar comprende los siguientes destinos:<\/p>\n\n\n\n<ul>\n<li><strong>Escuela Primaria n\u00b0 69 Dr. \u201cGabriel Carrasco\u201d.<\/strong> Charla con Amanda Pacotti, ex alumna de la Escuela Carrasco, maestra, miembro del Consejo Latinoamericano de Educaci\u00f3n por el Arte (CLEA). ciudadana distinguida de Rosario, acompa\u00f1a Ana Rosa Ugarte directora actual de la Escuela Carrasco.<\/li>\n\n\n\n<li>&nbsp;<strong>Centro Cultural: <\/strong><strong>\u201cCasa Hermanas Cossettini.<\/strong> Charla con Lidia Caldini presidenta del centro de jubilados Amigos del Paran\u00e1.<\/li>\n\n\n\n<li><strong>Balneario <\/strong><strong>\u201cLa Florida<\/strong><strong>\u201d.<\/strong><\/li>\n\n\n\n<li><strong>Museo de Arte Decorativo Est<\/strong><strong>\u00e9vez<\/strong>.<\/li>\n\n\n\n<li><strong>Monumento a la Bandera, cripta de Belgrano<\/strong>.<\/li>\n\n\n\n<li><strong>Complejo Cultural <\/strong><strong>\u201cParque Espa<\/strong><strong>\u00f1a<\/strong><strong>\u201d (C.C.P.E).<\/strong> Visita guiada a las galer\u00edas. Muestras en exhibici\u00f3n: \u201cLa luz del tiempo\u201d y \u201cLabores\u201d.<\/li>\n<\/ul>\n\n\n\n<p>Costo total del viaje $ 28.340 a pagar en dos cuotas de $ 14.170<\/p>\n\n\n\n<ul>\n<li>1era cuota se paga el viernes 6 de septiembre de 2024.<\/li>\n\n\n\n<li>2da cuota se paga el viernes 4 de octubre de 2024.<\/li>\n<\/ul>\n\n\n\n<p>Hasta &nbsp;cubrir 54 lugares entre estudiantes y docentes (prioridad estudiantes de 1er a\u00f1o).<\/p>\n\n\n\n<p>Los interesados deber\u00e1n solicitar su inscripci\u00f3n a las coordinadoras: Leticia Perrouchoud y Candela Silva.<\/p>\n","protected":false},"excerpt":{"rendered":"<p>El Equipo Interc\u00e1tedras de Pedagog\u00eda del Nivel Superior, invita a participar de la Salida Educativa a la ciudad de Rosario&nbsp; propuesta para el d\u00eda jueves 10 de octubre, en el marco del Proyecto \u201cLa mirada de Olga y Leticia Cossettini, una Pedagog\u00eda necesaria que inspira\u201d. El recorrido a realizar comprende los siguientes destinos: Costo total &#8230; <a title=\"\u201cLa mirada de Olga y Leticia Cossettini, una Pedagog\u00eda necesaria que inspira\u201d. Viaje educativo a la ciudad de Rosario\" class=\"read-more\" href=\"https:\/\/ensvillaguay-ers.infd.edu.ar\/sitio\/la-mirada-de-olga-y-leticia-cossettini-una-pedagogia-necesaria-que-inspira-viaje-educativo-a-la-ciudad-de-rosario\/\" aria-label=\"More on \u201cLa mirada de Olga y Leticia Cossettini, una Pedagog\u00eda necesaria que inspira\u201d. Viaje educativo a la ciudad de Rosario\">[+]<\/a><\/p>\n","protected":false},"author":1427,"featured_media":10927,"comment_status":"open","ping_status":"open","sticky":false,"template":"","format":"standard","meta":[],"categories":[6],"tags":[],"acf":[],"_links":{"self":[{"href":"https:\/\/ensvillaguay-ers.infd.edu.ar\/sitio\/wp-json\/wp\/v2\/posts\/10926"}],"collection":[{"href":"https:\/\/ensvillaguay-ers.infd.edu.ar\/sitio\/wp-json\/wp\/v2\/posts"}],"about":[{"href":"https:\/\/ensvillaguay-ers.infd.edu.ar\/sitio\/wp-json\/wp\/v2\/types\/post"}],"author":[{"embeddable":true,"href":"https:\/\/ensvillaguay-ers.infd.edu.ar\/sitio\/wp-json\/wp\/v2\/users\/1427"}],"replies":[{"embeddable":true,"href":"https:\/\/ensvillaguay-ers.infd.edu.ar\/sitio\/wp-json\/wp\/v2\/comments?post=10926"}],"version-history":[{"count":1,"href":"https:\/\/ensvillaguay-ers.infd.edu.ar\/sitio\/wp-json\/wp\/v2\/posts\/10926\/revisions"}],"predecessor-version":[{"id":10928,"href":"https:\/\/ensvillaguay-ers.infd.edu.ar\/sitio\/wp-json\/wp\/v2\/posts\/10926\/revisions\/10928"}],"wp:featuredmedia":[{"embeddable":true,"href":"https:\/\/ensvillaguay-ers.infd.edu.ar\/sitio\/wp-json\/wp\/v2\/media\/10927"}],"wp:attachment":[{"href":"https:\/\/ensvillaguay-ers.infd.edu.ar\/sitio\/wp-json\/wp\/v2\/media?parent=10926"}],"wp:term":[{"taxonomy":"category","embeddable":true,"href":"https:\/\/ensvillaguay-ers.infd.edu.ar\/sitio\/wp-json\/wp\/v2\/categories?post=10926"},{"taxonomy":"post_tag","embeddable":true,"href":"https:\/\/ensvillaguay-ers.infd.edu.ar\/sitio\/wp-json\/wp\/v2\/tags?post=10926"}],"curies":[{"name":"wp","href":"https:\/\/api.w.org\/{rel}","templated":true}]}}