{"id":10929,"date":"2024-08-28T19:09:29","date_gmt":"2024-08-28T22:09:29","guid":{"rendered":"https:\/\/ensvillaguay-ers.infd.edu.ar\/sitio\/?p=10929"},"modified":"2025-06-06T18:28:21","modified_gmt":"2025-06-06T21:28:21","slug":"jornadas-de-formacion-construccion-de-memoria-y-patrimonio-escolar-aproximaciones-desde-la-historia-de-la-educacion-argentina","status":"publish","type":"post","link":"https:\/\/ensvillaguay-ers.infd.edu.ar\/sitio\/jornadas-de-formacion-construccion-de-memoria-y-patrimonio-escolar-aproximaciones-desde-la-historia-de-la-educacion-argentina\/","title":{"rendered":"Jornadas de Formaci\u00f3n \u201cConstrucci\u00f3n de memoria y patrimonio escolar: aproximaciones desde la historia de la educaci\u00f3n argentina\u201d"},"content":{"rendered":"\n<p>El Equipo del Dispositivo Pedag\u00f3gico de Memoria y Patrimonio Escolar de la Escuela Normal Superior Martiniano Leguizam\u00f3n, invita a las <em>Jornadas de Formaci\u00f3n \u201cConstrucci\u00f3n de memoria y patrimonio escolar: aproximaciones desde la historia de la educaci\u00f3n argentina\u201d.<\/em><\/p>\n\n\n\n<p>Dicho dispositivo constituye &nbsp;una de las propuestas seleccionadas a nivel nacional en el marco de la Convocatoria Proyectos de la Comunidad 2024 por los programas Cooperaci\u00f3n y descentralizaci\u00f3n y Educaci\u00f3n y Derechos Humanos de Wikimedia Argentina. Estos programas buscan fomentar la participaci\u00f3n de la comunidad en la creaci\u00f3n, edici\u00f3n y difusi\u00f3n de contenidos en los proyectos Wikimedia, tales como Wikipedia, Wikidata y Wikimedia Commons, entre otros.<\/p>\n\n\n\n<p>El proyecto de la escuela, se inscribe en la l\u00ednea estrat\u00e9gica de Cultura local y descolonizaci\u00f3n de Internet, que comprende propuestas que buscan visibilizar la cultura local, recuperando las tradiciones y procesos hist\u00f3ricos locales, a fin de reducir la brecha de representaci\u00f3n y participaci\u00f3n de Argentina en los proyectos Wikimedia.<\/p>\n\n\n\n<p>En este marco, las Jornadas de Formaci\u00f3n comprenden dos encuentros virtuales, a trav\u00e9s del Canal de YouTube institucional, organizados de acuerdo con el siguiente cronograma:<\/p>\n\n\n\n<ul>\n<li><strong>Primera Jornada: 03 de septiembre a las 17 horas<\/strong>. Patrimonio escolar: una lectura desde la historia de la educaci\u00f3n, a cargo del Dr. Nicol\u00e1s Arata.<\/li>\n<\/ul>\n\n\n\n<ul>\n<li><strong>Segunda Jornada: 17 de septiembre 16 horas<\/strong>. Archivos hist\u00f3ricos escolares. Experiencias y Memorias, a cargo de los Equipos de Coordinaci\u00f3n del Archivo Hist\u00f3rico \u00abProf. Oscar Urquiza Almandoz\u00bb del Colegio Nacional \u00abJusto Jos\u00e9 de Urquiza\u00bb de Concepci\u00f3n del Uruguay de la &nbsp;Provincia de Entre R\u00edos; Archivo Hist\u00f3rico \u201cProf. Zulma E. Totis\u201d del Liceo V\u00edctor Mercante de la ciudad de La Plata y del Dispositivo Pedag\u00f3gico de Memoria y Patrimonio Escolar de la Escuela Normal Superior Martiniano Leguizam\u00f3n.<\/li>\n<\/ul>\n\n\n\n<p>Est\u00e1 destinado a Docentes de Nivel Inicial, Primario y Secundario; Directivos y supervisores; Docentes de las instituciones asociadas de diferentes niveles y modalidades; Estudiantes y docentes de los profesorados del Nivel Superior de la Escuela Normal Superior Martiniano Leguizam\u00f3n. La propuesta, asimismo, se hace extensiva a equipos de orientaci\u00f3n, preceptores, asesores pedag\u00f3gicos, docentes de educaci\u00f3n especial y otras modalidades educativas, entre otros.<\/p>\n\n\n\n<p>En cuanto a la tem\u00e1tica, los Archivos Escolares, se iniciaron como archivos hist\u00f3ricos escolares, con el prop\u00f3sito de rescate administrativo y de gesti\u00f3n, pero luego se transforman en iniciativas de investigaci\u00f3n y desarrollo de actividades de difusi\u00f3n y acceso libre a la comunidad.&nbsp;&nbsp; La organizaci\u00f3n de los archivos escolares nos permite ingresar en la intimidad de la vida escolar. Sus documentos son huellas de legados pedag\u00f3gicos. Son testigos del largo recorrido de biograf\u00eda escolar donde se construyeron, debatieron e implementaron diferentes paradigmas escolares en los distintos contextos socioculturales y pol\u00edticos de la historia de la educaci\u00f3n argentina.<\/p>\n\n\n\n<ul>\n<li><strong>Formulario de Inscripci\u00f3n<\/strong>: <a href=\"https:\/\/forms.gle\/CqnfcNwbfoJZYdNv8\">https:\/\/forms.gle\/CqnfcNwbfoJZYdNv8<\/a><\/li>\n<\/ul>\n\n\n\n<p><strong>Declaraci\u00f3n de Inter\u00e9s Educativo en tr\u00e1mite<\/strong><\/p>\n","protected":false},"excerpt":{"rendered":"<p>El Equipo del Dispositivo Pedag\u00f3gico de Memoria y Patrimonio Escolar de la Escuela Normal Superior Martiniano Leguizam\u00f3n, invita a las Jornadas de Formaci\u00f3n \u201cConstrucci\u00f3n de memoria y patrimonio escolar: aproximaciones desde la historia de la educaci\u00f3n argentina\u201d. Dicho dispositivo constituye &nbsp;una de las propuestas seleccionadas a nivel nacional en el marco de la Convocatoria Proyectos &#8230; <a title=\"Jornadas de Formaci\u00f3n \u201cConstrucci\u00f3n de memoria y patrimonio escolar: aproximaciones desde la historia de la educaci\u00f3n argentina\u201d\" class=\"read-more\" href=\"https:\/\/ensvillaguay-ers.infd.edu.ar\/sitio\/jornadas-de-formacion-construccion-de-memoria-y-patrimonio-escolar-aproximaciones-desde-la-historia-de-la-educacion-argentina\/\" aria-label=\"More on Jornadas de Formaci\u00f3n \u201cConstrucci\u00f3n de memoria y patrimonio escolar: aproximaciones desde la historia de la educaci\u00f3n argentina\u201d\">[+]<\/a><\/p>\n","protected":false},"author":1427,"featured_media":10930,"comment_status":"open","ping_status":"open","sticky":false,"template":"","format":"standard","meta":[],"categories":[6],"tags":[],"acf":[],"_links":{"self":[{"href":"https:\/\/ensvillaguay-ers.infd.edu.ar\/sitio\/wp-json\/wp\/v2\/posts\/10929"}],"collection":[{"href":"https:\/\/ensvillaguay-ers.infd.edu.ar\/sitio\/wp-json\/wp\/v2\/posts"}],"about":[{"href":"https:\/\/ensvillaguay-ers.infd.edu.ar\/sitio\/wp-json\/wp\/v2\/types\/post"}],"author":[{"embeddable":true,"href":"https:\/\/ensvillaguay-ers.infd.edu.ar\/sitio\/wp-json\/wp\/v2\/users\/1427"}],"replies":[{"embeddable":true,"href":"https:\/\/ensvillaguay-ers.infd.edu.ar\/sitio\/wp-json\/wp\/v2\/comments?post=10929"}],"version-history":[{"count":5,"href":"https:\/\/ensvillaguay-ers.infd.edu.ar\/sitio\/wp-json\/wp\/v2\/posts\/10929\/revisions"}],"predecessor-version":[{"id":11656,"href":"https:\/\/ensvillaguay-ers.infd.edu.ar\/sitio\/wp-json\/wp\/v2\/posts\/10929\/revisions\/11656"}],"wp:featuredmedia":[{"embeddable":true,"href":"https:\/\/ensvillaguay-ers.infd.edu.ar\/sitio\/wp-json\/wp\/v2\/media\/10930"}],"wp:attachment":[{"href":"https:\/\/ensvillaguay-ers.infd.edu.ar\/sitio\/wp-json\/wp\/v2\/media?parent=10929"}],"wp:term":[{"taxonomy":"category","embeddable":true,"href":"https:\/\/ensvillaguay-ers.infd.edu.ar\/sitio\/wp-json\/wp\/v2\/categories?post=10929"},{"taxonomy":"post_tag","embeddable":true,"href":"https:\/\/ensvillaguay-ers.infd.edu.ar\/sitio\/wp-json\/wp\/v2\/tags?post=10929"}],"curies":[{"name":"wp","href":"https:\/\/api.w.org\/{rel}","templated":true}]}}