{"id":2199,"date":"2019-03-07T11:30:26","date_gmt":"2019-03-07T14:30:26","guid":{"rendered":"https:\/\/ensvillaguay-ers.infd.edu.ar\/sitio\/?p=2199"},"modified":"2019-03-07T11:30:26","modified_gmt":"2019-03-07T14:30:26","slug":"mesas-de-examen-reprogramadas-por-los-dias-de-paro","status":"publish","type":"post","link":"https:\/\/ensvillaguay-ers.infd.edu.ar\/sitio\/mesas-de-examen-reprogramadas-por-los-dias-de-paro\/","title":{"rendered":"Mesas de examen reprogramadas por los d\u00edas de paro"},"content":{"rendered":"<p>La Secretar\u00eda Acad\u00e9mica de la E.N.S <em>\u201cMartiniano Leguizam\u00f3n\u201d<\/em> les informa el cronograma de mesas evaluadoras reprogramadas dados los d\u00edas de paro del 6, 7 y 8 de marzo.<\/p>\n<p><a href=\"https:\/\/ensvillaguay-ers.infd.edu.ar\/sitio\/wp-content\/uploads\/2019\/03\/MESAS-MODIFICADAS-POR-PAROS.pdf\">Cronograma Mesas Reprogramadas<\/a><\/p>\n<p><em>Saludos<\/em><\/p>\n<p><em>Prof. Valeria Schierloh\u00a0<\/em><\/p>\n<p><em>Secretaria Acad\u00e9mica<\/em><\/p>\n","protected":false},"excerpt":{"rendered":"<p>La Secretar\u00eda Acad\u00e9mica de la E.N.S \u201cMartiniano Leguizam\u00f3n\u201d les informa el cronograma de mesas evaluadoras reprogramadas dados los d\u00edas de paro del 6, 7 y 8 de marzo. Cronograma Mesas Reprogramadas Saludos Prof. Valeria Schierloh\u00a0 Secretaria Acad\u00e9mica<\/p>\n","protected":false},"author":1427,"featured_media":0,"comment_status":"open","ping_status":"open","sticky":false,"template":"","format":"standard","meta":[],"categories":[8,6],"tags":[],"acf":[],"_links":{"self":[{"href":"https:\/\/ensvillaguay-ers.infd.edu.ar\/sitio\/wp-json\/wp\/v2\/posts\/2199"}],"collection":[{"href":"https:\/\/ensvillaguay-ers.infd.edu.ar\/sitio\/wp-json\/wp\/v2\/posts"}],"about":[{"href":"https:\/\/ensvillaguay-ers.infd.edu.ar\/sitio\/wp-json\/wp\/v2\/types\/post"}],"author":[{"embeddable":true,"href":"https:\/\/ensvillaguay-ers.infd.edu.ar\/sitio\/wp-json\/wp\/v2\/users\/1427"}],"replies":[{"embeddable":true,"href":"https:\/\/ensvillaguay-ers.infd.edu.ar\/sitio\/wp-json\/wp\/v2\/comments?post=2199"}],"version-history":[{"count":2,"href":"https:\/\/ensvillaguay-ers.infd.edu.ar\/sitio\/wp-json\/wp\/v2\/posts\/2199\/revisions"}],"predecessor-version":[{"id":2713,"href":"https:\/\/ensvillaguay-ers.infd.edu.ar\/sitio\/wp-json\/wp\/v2\/posts\/2199\/revisions\/2713"}],"wp:attachment":[{"href":"https:\/\/ensvillaguay-ers.infd.edu.ar\/sitio\/wp-json\/wp\/v2\/media?parent=2199"}],"wp:term":[{"taxonomy":"category","embeddable":true,"href":"https:\/\/ensvillaguay-ers.infd.edu.ar\/sitio\/wp-json\/wp\/v2\/categories?post=2199"},{"taxonomy":"post_tag","embeddable":true,"href":"https:\/\/ensvillaguay-ers.infd.edu.ar\/sitio\/wp-json\/wp\/v2\/tags?post=2199"}],"curies":[{"name":"wp","href":"https:\/\/api.w.org\/{rel}","templated":true}]}}