{"id":2360,"date":"2019-05-11T18:27:56","date_gmt":"2019-05-11T21:27:56","guid":{"rendered":"https:\/\/ensvillaguay-ers.infd.edu.ar\/sitio\/?p=2360"},"modified":"2019-05-11T18:33:44","modified_gmt":"2019-05-11T21:33:44","slug":"olimpiada-matematica-argentina-certamen-nandu","status":"publish","type":"post","link":"https:\/\/ensvillaguay-ers.infd.edu.ar\/sitio\/olimpiada-matematica-argentina-certamen-nandu\/","title":{"rendered":"Olimp\u00edada Matem\u00e1tica Argentina &#8211; Certamen \u00d1and\u00fa"},"content":{"rendered":"<div style=\"text-align: justify;\">El viernes 10 de mayo se llev\u00f3 a cabo el certamen \u00d1and\u00fa bajo la organizaci\u00f3n de Olimp\u00edada Matem\u00e1tica Argentina. En este certamen participaron estudiantes\u00a0 de 5to, 6to de la escuela primaria y 1er a\u00f1o de la escuela secundaria.<\/div>\n<div style=\"text-align: justify;\">La Escuela Secundaria N\u00b0 1 \u00abProf. Leopoldo Herrera\u00bb de Villaguay y la Escuela Secundaria N\u00b0 2 \u00abDr. Delio Panizza\u00bb de Villa Clara fueron sedes del evento.<\/div>\n<div style=\"text-align: justify;\"><\/div>\n<div style=\"text-align: justify;\">Participaron alumnos de las escuelas: Secundaria N\u00b0 5 \u00abAlberto Gerchunoff\u00bb de Villa Dom\u00ednguez, Escuela N\u00b047 \u00ab3 de Febrero\u00bb, Escuela Primaria Nina N\u00b0 5 \u00abParan\u00e1\u00bb, Instituto \u00abJes\u00fas Buen Pastor\u00bb, Escuela N\u00b0 82 \u00abMariano Moreno\u00bb, Instituto La Inmaculada, Escuela N\u00b0 84 \u00abProvincia de R\u00edo Negro\u00bb y la Escuela Secundaria N\u00b0 2 \u00abDelio Panizza\u00bb.<\/div>\n<div style=\"text-align: justify;\">En la organizaci\u00f3n colaboraron los <strong>estudiantes de 1\u00b0 y 4\u00b0 a\u00f1os del Profesorado de Educaci\u00f3n Secundaria en Matem\u00e1tica del Instituto de Formaci\u00f3n Docente de la Escuela Normal Superior \u00abMartiniano Leguizam\u00f3n\u00bb<\/strong>.<\/div>\n<div style=\"text-align: justify;\">Olimp\u00edada Matem\u00e1tica Argentina agradece y felicita la participaci\u00f3n de los ni\u00f1os\/as y j\u00f3venes que gustan resolver problemas matem\u00e1ticos, apostando a descubrir sus aptitudes, teniendo un contacto real con el quehacer matem\u00e1tico.<\/div>\n<div style=\"text-align: justify;\">Extiende su agradecimiento a los docentes, directivos y familia que acompa\u00f1an e incentivan la participaci\u00f3n, y a los directivos de las escuelas sedes que brindaron el espacio para dicho evento.<\/div>\n<div style=\"text-align: justify;\">Cordiales saludos<\/div>\n<div style=\"text-align: justify;\">Prof. Sandra Figueroa<\/div>\n<div style=\"text-align: justify;\">Delegada Zonal<\/div>\n<div style=\"text-align: justify;\">Olimp\u00edada Matem\u00e1tica Argentina<\/div>\n<div><\/div>\n<div>\n<figure id=\"attachment_2361\" aria-describedby=\"caption-attachment-2361\" style=\"width: 1030px\" class=\"wp-caption aligncenter\"><img decoding=\"async\" loading=\"lazy\" class=\"wp-image-2361 size-full\" src=\"https:\/\/ensvillaguay-ers.infd.edu.ar\/sitio\/wp-content\/uploads\/2019\/05\/sede-Villaguay.jpg\" alt=\"\" width=\"1040\" height=\"780\" srcset=\"https:\/\/ensvillaguay-ers.infd.edu.ar\/sitio\/wp-content\/uploads\/2019\/05\/sede-Villaguay.jpg 1040w, https:\/\/ensvillaguay-ers.infd.edu.ar\/sitio\/wp-content\/uploads\/2019\/05\/sede-Villaguay-1000x750.jpg 1000w, https:\/\/ensvillaguay-ers.infd.edu.ar\/sitio\/wp-content\/uploads\/2019\/05\/sede-Villaguay-768x576.jpg 768w\" sizes=\"(max-width: 1040px) 100vw, 1040px\" \/><figcaption id=\"caption-attachment-2361\" class=\"wp-caption-text\">\u00a0 \u00a0 \u00a0 \u00a0 \u00a0 \u00a0 \u00a0 \u00a0 \u00a0 \u00a0 \u00a0 \u00a0 \u00a0 \u00a0 \u00a0 \u00a0 \u00a0 \u00a0 \u00a0 \u00a0 \u00a0 \u00a0 \u00a0 \u00a0 \u00a0 \u00a0 \u00a0 \u00a0Sede Villaguay &#8211; Escuela Secundaria N\u00b0 1 \u00abProfesor Leopoldo Herrera\u00bb<\/figcaption><\/figure>\n<\/div>\n<div>\n<figure id=\"attachment_2362\" aria-describedby=\"caption-attachment-2362\" style=\"width: 742px\" class=\"wp-caption aligncenter\"><img decoding=\"async\" loading=\"lazy\" class=\"wp-image-2362\" src=\"https:\/\/ensvillaguay-ers.infd.edu.ar\/sitio\/wp-content\/uploads\/2019\/05\/sede-Villa-Clara-1000x600.jpg\" alt=\"\" width=\"752\" height=\"452\" srcset=\"https:\/\/ensvillaguay-ers.infd.edu.ar\/sitio\/wp-content\/uploads\/2019\/05\/sede-Villa-Clara-1000x600.jpg 1000w, https:\/\/ensvillaguay-ers.infd.edu.ar\/sitio\/wp-content\/uploads\/2019\/05\/sede-Villa-Clara-768x461.jpg 768w, https:\/\/ensvillaguay-ers.infd.edu.ar\/sitio\/wp-content\/uploads\/2019\/05\/sede-Villa-Clara.jpg 1280w\" sizes=\"(max-width: 752px) 100vw, 752px\" \/><figcaption id=\"caption-attachment-2362\" class=\"wp-caption-text\">\u00a0 \u00a0 \u00a0 \u00a0 \u00a0 \u00a0 \u00a0 \u00a0 \u00a0 \u00a0 \u00a0 \u00a0 \u00a0 \u00a0 \u00a0 \u00a0 \u00a0 \u00a0 \u00a0 \u00a0 \u00a0 \u00a0 \u00a0 \u00a0 \u00a0 \u00a0 \u00a0 \u00a0 \u00a0 \u00a0 Sede Villa Clara &#8211; Escuela Secundaria N\u00b0 2 \u00abDr. Delio Panizza\u00bb<\/figcaption><\/figure>\n<p>&nbsp;<\/p>\n<\/div>\n","protected":false},"excerpt":{"rendered":"<p>El viernes 10 de mayo se llev\u00f3 a cabo el certamen \u00d1and\u00fa bajo la organizaci\u00f3n de Olimp\u00edada Matem\u00e1tica Argentina. En este certamen participaron estudiantes\u00a0 de 5to, 6to de la escuela primaria y 1er a\u00f1o de la escuela secundaria. La Escuela Secundaria N\u00b0 1 \u00abProf. Leopoldo Herrera\u00bb de Villaguay y la Escuela Secundaria N\u00b0 2 \u00abDr. &#8230; <a title=\"Olimp\u00edada Matem\u00e1tica Argentina &#8211; Certamen \u00d1and\u00fa\" class=\"read-more\" href=\"https:\/\/ensvillaguay-ers.infd.edu.ar\/sitio\/olimpiada-matematica-argentina-certamen-nandu\/\" aria-label=\"More on Olimp\u00edada Matem\u00e1tica Argentina &#8211; Certamen \u00d1and\u00fa\">[+]<\/a><\/p>\n","protected":false},"author":1046,"featured_media":0,"comment_status":"open","ping_status":"open","sticky":false,"template":"","format":"standard","meta":[],"categories":[1],"tags":[],"acf":[],"_links":{"self":[{"href":"https:\/\/ensvillaguay-ers.infd.edu.ar\/sitio\/wp-json\/wp\/v2\/posts\/2360"}],"collection":[{"href":"https:\/\/ensvillaguay-ers.infd.edu.ar\/sitio\/wp-json\/wp\/v2\/posts"}],"about":[{"href":"https:\/\/ensvillaguay-ers.infd.edu.ar\/sitio\/wp-json\/wp\/v2\/types\/post"}],"author":[{"embeddable":true,"href":"https:\/\/ensvillaguay-ers.infd.edu.ar\/sitio\/wp-json\/wp\/v2\/users\/1046"}],"replies":[{"embeddable":true,"href":"https:\/\/ensvillaguay-ers.infd.edu.ar\/sitio\/wp-json\/wp\/v2\/comments?post=2360"}],"version-history":[{"count":10,"href":"https:\/\/ensvillaguay-ers.infd.edu.ar\/sitio\/wp-json\/wp\/v2\/posts\/2360\/revisions"}],"predecessor-version":[{"id":2372,"href":"https:\/\/ensvillaguay-ers.infd.edu.ar\/sitio\/wp-json\/wp\/v2\/posts\/2360\/revisions\/2372"}],"wp:attachment":[{"href":"https:\/\/ensvillaguay-ers.infd.edu.ar\/sitio\/wp-json\/wp\/v2\/media?parent=2360"}],"wp:term":[{"taxonomy":"category","embeddable":true,"href":"https:\/\/ensvillaguay-ers.infd.edu.ar\/sitio\/wp-json\/wp\/v2\/categories?post=2360"},{"taxonomy":"post_tag","embeddable":true,"href":"https:\/\/ensvillaguay-ers.infd.edu.ar\/sitio\/wp-json\/wp\/v2\/tags?post=2360"}],"curies":[{"name":"wp","href":"https:\/\/api.w.org\/{rel}","templated":true}]}}